{"id":805,"date":"2024-02-21T10:20:53","date_gmt":"2024-02-21T09:20:53","guid":{"rendered":"https:\/\/droeseler.markveys.de\/?p=805"},"modified":"2026-02-08T10:23:47","modified_gmt":"2026-02-08T09:23:47","slug":"zahna%cc%88rztin-oder-einen-zahnarzt-mit-schwerpunkt-prothetik","status":"publish","type":"post","link":"https:\/\/www.drdroeseler.de\/en\/stellenausschreibung\/zahna%cc%88rztin-oder-einen-zahnarzt-mit-schwerpunkt-prothetik\/","title":{"rendered":"Zahna\u0308rztin \/ Zahnarzt mit Schwerpunkt Prothetik"},"content":{"rendered":"<div data-elementor-type=\"wp-post\" data-elementor-id=\"805\" class=\"elementor elementor-805\" data-elementor-post-type=\"post\">\n\t\t\t\t<div data-particle_enable=\"false\" data-particle-mobile-disabled=\"false\" class=\"elementor-element elementor-element-39d45879 e-flex e-con-boxed e-con e-child\" data-id=\"39d45879\" data-element_type=\"container\" data-e-type=\"container\">\n\t\t\t\t\t<div class=\"e-con-inner\">\n\t\t\t\t<div class=\"elementor-element elementor-element-39cad587 elementor-widget elementor-widget-heading\" data-id=\"39cad587\" data-element_type=\"widget\" data-e-type=\"widget\" data-widget_type=\"heading.default\">\n\t\t\t\t<div class=\"elementor-widget-container\">\n\t\t\t\t\t<h1 class=\"elementor-heading-title elementor-size-default\">ZAHNA\u0308RZTIN ODER ZAHNARZT\u200b<\/h1>\t\t\t\t<\/div>\n\t\t\t\t<\/div>\n\t\t\t\t<div class=\"elementor-element elementor-element-4de0acf1 elementor-widget elementor-widget-heading\" data-id=\"4de0acf1\" data-element_type=\"widget\" data-e-type=\"widget\" data-widget_type=\"heading.default\">\n\t\t\t\t<div class=\"elementor-widget-container\">\n\t\t\t\t\t<h4 class=\"elementor-heading-title elementor-size-default\">Schwerpunkt Prothektik\u200b<\/h4>\t\t\t\t<\/div>\n\t\t\t\t<\/div>\n\t\t\t\t\t<\/div>\n\t\t\t\t<\/div>\n\t\t<div data-particle_enable=\"false\" data-particle-mobile-disabled=\"false\" class=\"elementor-element elementor-element-770339e e-flex e-con-boxed e-con e-parent\" data-id=\"770339e\" data-element_type=\"container\" data-e-type=\"container\">\n\t\t\t\t\t<div class=\"e-con-inner\">\n\t\t\t\t<div class=\"elementor-element elementor-element-18f7580 elementor-widget elementor-widget-text-editor\" data-id=\"18f7580\" data-element_type=\"widget\" data-e-type=\"widget\" data-widget_type=\"text-editor.default\">\n\t\t\t\t<div class=\"elementor-widget-container\">\n\t\t\t\t\t\t\t\t\t<p class=\"p1\">Unsere Praxis w\u00e4chst \u2013 und wir haben unser Team bereits erfolgreich verst\u00e4rken k\u00f6nnen. Die ausgeschriebene Position ist aktuell besetzt.<\/p><p class=\"p1\"><b>Dennoch gilt:<\/b><\/p><p class=\"p1\">Dr. Dr\u00f6seler und das Praxisteam freuen sich jederzeit \u00fcber engagierte, qualifizierte Zahn\u00e4rztinnen und Zahn\u00e4rzte, die Interesse an einer zuk\u00fcnftigen Mitarbeit haben. Wenn Sie sich in unserem Profil wiederfinden und gerne mit uns in Kontakt treten m\u00f6chten, senden Sie uns Ihre Initiativbewerbung gerne per E-Mail.<\/p><p class=\"p1\"><b>Ihr m\u00f6gliches T\u00e4tigkeitsprofil:<\/b><\/p><ul><li><p class=\"p1\">Prothetisch-konservierende und implantatprothetische Therapien<\/p><\/li><li><p class=\"p1\">Patientenbehandlung unter Sedierung und Vollnarkose mit entsprechender Sanierung<\/p><\/li><li><p class=\"p1\">Assistenz in der CMD-Behandlung<\/p><\/li><li><p class=\"p1\">Selbstst\u00e4ndige Dokumentation<\/p><\/li><li><p class=\"p1\">Erstellung von Arztbriefen im Rahmen unserer \u00dcberweisert\u00e4tigkeit<\/p><\/li><\/ul><p><strong>Ihr Profil (m\/w\/d):<\/strong><\/p><ul><li><p class=\"p1\">Abgeschlossenes Zahnmedizinstudium oder anerkanntes \u00c4quivalent<\/p><\/li><li><p class=\"p1\">Idealerweise Curriculum oder Master mit entsprechender Anerkennung durch die Zahn\u00e4rztekammer<\/p><\/li><li><p class=\"p1\">Berufserfahrung ab 2 Jahren<\/p><\/li><li><p class=\"p1\">Leidenschaft f\u00fcr den Beruf, Teamgeist und Souver\u00e4nit\u00e4t auch in herausfordernden Situationen<\/p><\/li><li><p class=\"p1\">Strukturierte, effiziente und l\u00f6sungsorientierte Arbeitsweise<\/p><\/li><li><p class=\"p1\">Erste F\u00fchrungserfahrung von Vorteil<\/p><\/li><\/ul><p class=\"p1\"><b>Wir freuen uns darauf, Sie kennenzulernen \u2013 ob heute oder in Zukunft.<\/b><\/p>\t\t\t\t\t\t\t\t<\/div>\n\t\t\t\t<\/div>\n\t\t\t\t\t<\/div>\n\t\t\t\t<\/div>\n\t\t\t\t<\/div>","protected":false},"excerpt":{"rendered":"<p>ZAHNA\u0308RZTIN ODER ZAHNARZT\u200b Schwerpunkt Prothektik\u200b Unsere Praxis w\u00e4chst \u2013 und wir haben unser Team bereits erfolgreich verst\u00e4rken k\u00f6nnen. Die ausgeschriebene [&hellip;]<\/p>\n","protected":false},"author":2,"featured_media":807,"comment_status":"closed","ping_status":"open","sticky":false,"template":"","format":"standard","meta":{"site-sidebar-layout":"default","site-content-layout":"","ast-site-content-layout":"default","site-content-style":"default","site-sidebar-style":"default","ast-global-header-display":"","ast-banner-title-visibility":"","ast-main-header-display":"","ast-hfb-above-header-display":"","ast-hfb-below-header-display":"","ast-hfb-mobile-header-display":"","site-post-title":"disabled","ast-breadcrumbs-content":"","ast-featured-img":"","footer-sml-layout":"","ast-disable-related-posts":"","theme-transparent-header-meta":"","adv-header-id-meta":"","stick-header-meta":"","header-above-stick-meta":"","header-main-stick-meta":"","header-below-stick-meta":"","astra-migrate-meta-layouts":"default","ast-page-background-enabled":"default","ast-page-background-meta":{"desktop":{"background-color":"var(--ast-global-color-4)","background-image":"","background-repeat":"repeat","background-position":"center center","background-size":"auto","background-attachment":"scroll","background-type":"","background-media":"","overlay-type":"","overlay-color":"","overlay-opacity":"","overlay-gradient":""},"tablet":{"background-color":"","background-image":"","background-repeat":"repeat","background-position":"center center","background-size":"auto","background-attachment":"scroll","background-type":"","background-media":"","overlay-type":"","overlay-color":"","overlay-opacity":"","overlay-gradient":""},"mobile":{"background-color":"","background-image":"","background-repeat":"repeat","background-position":"center center","background-size":"auto","background-attachment":"scroll","background-type":"","background-media":"","overlay-type":"","overlay-color":"","overlay-opacity":"","overlay-gradient":""}},"ast-content-background-meta":{"desktop":{"background-color":"var(--ast-global-color-5)","background-image":"","background-repeat":"repeat","background-position":"center center","background-size":"auto","background-attachment":"scroll","background-type":"","background-media":"","overlay-type":"","overlay-color":"","overlay-opacity":"","overlay-gradient":""},"tablet":{"background-color":"var(--ast-global-color-5)","background-image":"","background-repeat":"repeat","background-position":"center center","background-size":"auto","background-attachment":"scroll","background-type":"","background-media":"","overlay-type":"","overlay-color":"","overlay-opacity":"","overlay-gradient":""},"mobile":{"background-color":"var(--ast-global-color-5)","background-image":"","background-repeat":"repeat","background-position":"center center","background-size":"auto","background-attachment":"scroll","background-type":"","background-media":"","overlay-type":"","overlay-color":"","overlay-opacity":"","overlay-gradient":""}},"footnotes":""},"categories":[13],"tags":[],"class_list":["post-805","post","type-post","status-publish","format-standard","has-post-thumbnail","hentry","category-stellenausschreibung"],"yoast_head":"<!-- This site is optimized with the Yoast SEO plugin v27.3 - https:\/\/yoast.com\/product\/yoast-seo-wordpress\/ -->\n<title>Zahna\u0308rztin \/ Zahnarzt mit Schwerpunkt Prothetik - Praxis Dr. Dr\u00f6seler<\/title>\n<meta name=\"robots\" content=\"index, follow, max-snippet:-1, max-image-preview:large, max-video-preview:-1\" \/>\n<link rel=\"canonical\" href=\"https:\/\/www.drdroeseler.de\/en\/stellenausschreibung\/zahna\u0308rztin-oder-einen-zahnarzt-mit-schwerpunkt-prothetik\/\" \/>\n<meta property=\"og:locale\" content=\"en_GB\" \/>\n<meta property=\"og:type\" content=\"article\" \/>\n<meta property=\"og:title\" content=\"Zahna\u0308rztin \/ Zahnarzt mit Schwerpunkt Prothetik - Praxis Dr. Dr\u00f6seler\" \/>\n<meta property=\"og:description\" content=\"ZAHNA\u0308RZTIN ODER ZAHNARZT\u200b Schwerpunkt Prothektik\u200b Unsere Praxis w\u00e4chst \u2013 und wir haben unser Team bereits erfolgreich verst\u00e4rken k\u00f6nnen. Die ausgeschriebene [&hellip;]\" \/>\n<meta property=\"og:url\" content=\"https:\/\/www.drdroeseler.de\/en\/stellenausschreibung\/zahna\u0308rztin-oder-einen-zahnarzt-mit-schwerpunkt-prothetik\/\" \/>\n<meta property=\"og:site_name\" content=\"Praxis Dr. Dr\u00f6seler\" \/>\n<meta property=\"article:publisher\" content=\"https:\/\/www.facebook.com\/praxisdrdroeseler\" \/>\n<meta property=\"article:published_time\" content=\"2024-02-21T09:20:53+00:00\" \/>\n<meta property=\"article:modified_time\" content=\"2026-02-08T09:23:47+00:00\" \/>\n<meta property=\"og:image\" content=\"https:\/\/www.drdroeseler.de\/wp-content\/uploads\/2024\/02\/za-prothetik.webp\" \/>\n\t<meta property=\"og:image:width\" content=\"1200\" \/>\n\t<meta property=\"og:image:height\" content=\"500\" \/>\n\t<meta property=\"og:image:type\" content=\"image\/webp\" \/>\n<meta name=\"author\" content=\"Praxis\" \/>\n<meta name=\"twitter:card\" content=\"summary_large_image\" \/>\n<meta name=\"twitter:label1\" content=\"Written by\" \/>\n\t<meta name=\"twitter:data1\" content=\"Praxis\" \/>\n\t<meta name=\"twitter:label2\" content=\"Estimated reading time\" \/>\n\t<meta name=\"twitter:data2\" content=\"1 minute\" \/>\n<script type=\"application\/ld+json\" class=\"yoast-schema-graph\">{\"@context\":\"https:\\\/\\\/schema.org\",\"@graph\":[{\"@type\":\"Article\",\"@id\":\"https:\\\/\\\/www.drdroeseler.de\\\/stellenausschreibung\\\/zahna%cc%88rztin-oder-einen-zahnarzt-mit-schwerpunkt-prothetik\\\/#article\",\"isPartOf\":{\"@id\":\"https:\\\/\\\/www.drdroeseler.de\\\/stellenausschreibung\\\/zahna%cc%88rztin-oder-einen-zahnarzt-mit-schwerpunkt-prothetik\\\/\"},\"author\":{\"name\":\"Praxis\",\"@id\":\"https:\\\/\\\/www.drdroeseler.de\\\/#\\\/schema\\\/person\\\/6abc5b29773040ebb4520004cbadc857\"},\"headline\":\"Zahna\u0308rztin \\\/ Zahnarzt mit Schwerpunkt Prothetik\",\"datePublished\":\"2024-02-21T09:20:53+00:00\",\"dateModified\":\"2026-02-08T09:23:47+00:00\",\"mainEntityOfPage\":{\"@id\":\"https:\\\/\\\/www.drdroeseler.de\\\/stellenausschreibung\\\/zahna%cc%88rztin-oder-einen-zahnarzt-mit-schwerpunkt-prothetik\\\/\"},\"wordCount\":176,\"publisher\":{\"@id\":\"https:\\\/\\\/www.drdroeseler.de\\\/#organization\"},\"image\":{\"@id\":\"https:\\\/\\\/www.drdroeseler.de\\\/stellenausschreibung\\\/zahna%cc%88rztin-oder-einen-zahnarzt-mit-schwerpunkt-prothetik\\\/#primaryimage\"},\"thumbnailUrl\":\"https:\\\/\\\/www.drdroeseler.de\\\/wp-content\\\/uploads\\\/2024\\\/02\\\/za-prothetik.webp\",\"articleSection\":[\"Stellenausschreibung\"],\"inLanguage\":\"en-GB\"},{\"@type\":\"WebPage\",\"@id\":\"https:\\\/\\\/www.drdroeseler.de\\\/stellenausschreibung\\\/zahna%cc%88rztin-oder-einen-zahnarzt-mit-schwerpunkt-prothetik\\\/\",\"url\":\"https:\\\/\\\/www.drdroeseler.de\\\/stellenausschreibung\\\/zahna%cc%88rztin-oder-einen-zahnarzt-mit-schwerpunkt-prothetik\\\/\",\"name\":\"Zahna\u0308rztin \\\/ Zahnarzt mit Schwerpunkt Prothetik - Praxis Dr. Dr\u00f6seler\",\"isPartOf\":{\"@id\":\"https:\\\/\\\/www.drdroeseler.de\\\/#website\"},\"primaryImageOfPage\":{\"@id\":\"https:\\\/\\\/www.drdroeseler.de\\\/stellenausschreibung\\\/zahna%cc%88rztin-oder-einen-zahnarzt-mit-schwerpunkt-prothetik\\\/#primaryimage\"},\"image\":{\"@id\":\"https:\\\/\\\/www.drdroeseler.de\\\/stellenausschreibung\\\/zahna%cc%88rztin-oder-einen-zahnarzt-mit-schwerpunkt-prothetik\\\/#primaryimage\"},\"thumbnailUrl\":\"https:\\\/\\\/www.drdroeseler.de\\\/wp-content\\\/uploads\\\/2024\\\/02\\\/za-prothetik.webp\",\"datePublished\":\"2024-02-21T09:20:53+00:00\",\"dateModified\":\"2026-02-08T09:23:47+00:00\",\"breadcrumb\":{\"@id\":\"https:\\\/\\\/www.drdroeseler.de\\\/stellenausschreibung\\\/zahna%cc%88rztin-oder-einen-zahnarzt-mit-schwerpunkt-prothetik\\\/#breadcrumb\"},\"inLanguage\":\"en-GB\",\"potentialAction\":[{\"@type\":\"ReadAction\",\"target\":[\"https:\\\/\\\/www.drdroeseler.de\\\/stellenausschreibung\\\/zahna%cc%88rztin-oder-einen-zahnarzt-mit-schwerpunkt-prothetik\\\/\"]}]},{\"@type\":\"ImageObject\",\"inLanguage\":\"en-GB\",\"@id\":\"https:\\\/\\\/www.drdroeseler.de\\\/stellenausschreibung\\\/zahna%cc%88rztin-oder-einen-zahnarzt-mit-schwerpunkt-prothetik\\\/#primaryimage\",\"url\":\"https:\\\/\\\/www.drdroeseler.de\\\/wp-content\\\/uploads\\\/2024\\\/02\\\/za-prothetik.webp\",\"contentUrl\":\"https:\\\/\\\/www.drdroeseler.de\\\/wp-content\\\/uploads\\\/2024\\\/02\\\/za-prothetik.webp\",\"width\":1200,\"height\":500,\"caption\":\"Zahn\u00e4rztin\\\/Zahnarzt Schwerpunkt Prothektik\u200b\"},{\"@type\":\"BreadcrumbList\",\"@id\":\"https:\\\/\\\/www.drdroeseler.de\\\/stellenausschreibung\\\/zahna%cc%88rztin-oder-einen-zahnarzt-mit-schwerpunkt-prothetik\\\/#breadcrumb\",\"itemListElement\":[{\"@type\":\"ListItem\",\"position\":1,\"name\":\"Startseite\",\"item\":\"https:\\\/\\\/www.drdroeseler.de\\\/\"},{\"@type\":\"ListItem\",\"position\":2,\"name\":\"Stellenausschreibung\",\"item\":\"https:\\\/\\\/www.drdroeseler.de\\\/stellenausschreibung\\\/\"},{\"@type\":\"ListItem\",\"position\":3,\"name\":\"Zahna\u0308rztin \\\/ Zahnarzt mit Schwerpunkt Prothetik\"}]},{\"@type\":\"WebSite\",\"@id\":\"https:\\\/\\\/www.drdroeseler.de\\\/#website\",\"url\":\"https:\\\/\\\/www.drdroeseler.de\\\/\",\"name\":\"Praxis Dr. Dr\u00f6seler\",\"description\":\"Praxis f\u00fcr Oralchirurgie und Implantologie\",\"publisher\":{\"@id\":\"https:\\\/\\\/www.drdroeseler.de\\\/#organization\"},\"potentialAction\":[{\"@type\":\"SearchAction\",\"target\":{\"@type\":\"EntryPoint\",\"urlTemplate\":\"https:\\\/\\\/www.drdroeseler.de\\\/?s={search_term_string}\"},\"query-input\":{\"@type\":\"PropertyValueSpecification\",\"valueRequired\":true,\"valueName\":\"search_term_string\"}}],\"inLanguage\":\"en-GB\"},{\"@type\":\"Organization\",\"@id\":\"https:\\\/\\\/www.drdroeseler.de\\\/#organization\",\"name\":\"Praxis Dr. Dr\u00f6seler\",\"url\":\"https:\\\/\\\/www.drdroeseler.de\\\/\",\"logo\":{\"@type\":\"ImageObject\",\"inLanguage\":\"en-GB\",\"@id\":\"https:\\\/\\\/www.drdroeseler.de\\\/#\\\/schema\\\/logo\\\/image\\\/\",\"url\":\"https:\\\/\\\/www.drdroeseler.de\\\/wp-content\\\/uploads\\\/2024\\\/01\\\/dr-droeseler-logo.svg\",\"contentUrl\":\"https:\\\/\\\/www.drdroeseler.de\\\/wp-content\\\/uploads\\\/2024\\\/01\\\/dr-droeseler-logo.svg\",\"width\":508,\"height\":169,\"caption\":\"Praxis Dr. Dr\u00f6seler\"},\"image\":{\"@id\":\"https:\\\/\\\/www.drdroeseler.de\\\/#\\\/schema\\\/logo\\\/image\\\/\"},\"sameAs\":[\"https:\\\/\\\/www.facebook.com\\\/praxisdrdroeseler\",\"https:\\\/\\\/www.instagram.com\\\/droeseler_oralchirurgie_berlin\",\"https:\\\/\\\/www.youtube.com\\\/channel\\\/UCtmQ3q5timwojE-dbbDdybw\"]},{\"@type\":\"Person\",\"@id\":\"https:\\\/\\\/www.drdroeseler.de\\\/#\\\/schema\\\/person\\\/6abc5b29773040ebb4520004cbadc857\",\"name\":\"Praxis\",\"image\":{\"@type\":\"ImageObject\",\"inLanguage\":\"en-GB\",\"@id\":\"https:\\\/\\\/secure.gravatar.com\\\/avatar\\\/01e58a62ca0958927a0b45af78837bbebd5fdd8ad424b7297a1c7039d83b5e80?s=96&d=blank&r=g\",\"url\":\"https:\\\/\\\/secure.gravatar.com\\\/avatar\\\/01e58a62ca0958927a0b45af78837bbebd5fdd8ad424b7297a1c7039d83b5e80?s=96&d=blank&r=g\",\"contentUrl\":\"https:\\\/\\\/secure.gravatar.com\\\/avatar\\\/01e58a62ca0958927a0b45af78837bbebd5fdd8ad424b7297a1c7039d83b5e80?s=96&d=blank&r=g\",\"caption\":\"Praxis\"},\"url\":\"https:\\\/\\\/www.drdroeseler.de\\\/en\\\/author\\\/praxis\\\/\"}]}<\/script>\n<!-- \/ Yoast SEO plugin. -->","yoast_head_json":{"title":"Zahna\u0308rztin \/ Zahnarzt mit Schwerpunkt Prothetik - Praxis Dr. Dr\u00f6seler","robots":{"index":"index","follow":"follow","max-snippet":"max-snippet:-1","max-image-preview":"max-image-preview:large","max-video-preview":"max-video-preview:-1"},"canonical":"https:\/\/www.drdroeseler.de\/en\/stellenausschreibung\/zahna\u0308rztin-oder-einen-zahnarzt-mit-schwerpunkt-prothetik\/","og_locale":"en_GB","og_type":"article","og_title":"Zahna\u0308rztin \/ Zahnarzt mit Schwerpunkt Prothetik - Praxis Dr. Dr\u00f6seler","og_description":"ZAHNA\u0308RZTIN ODER ZAHNARZT\u200b Schwerpunkt Prothektik\u200b Unsere Praxis w\u00e4chst \u2013 und wir haben unser Team bereits erfolgreich verst\u00e4rken k\u00f6nnen. Die ausgeschriebene [&hellip;]","og_url":"https:\/\/www.drdroeseler.de\/en\/stellenausschreibung\/zahna\u0308rztin-oder-einen-zahnarzt-mit-schwerpunkt-prothetik\/","og_site_name":"Praxis Dr. Dr\u00f6seler","article_publisher":"https:\/\/www.facebook.com\/praxisdrdroeseler","article_published_time":"2024-02-21T09:20:53+00:00","article_modified_time":"2026-02-08T09:23:47+00:00","og_image":[{"width":1200,"height":500,"url":"https:\/\/www.drdroeseler.de\/wp-content\/uploads\/2024\/02\/za-prothetik.webp","type":"image\/webp"}],"author":"Praxis","twitter_card":"summary_large_image","twitter_misc":{"Written by":"Praxis","Estimated reading time":"1 minute"},"schema":{"@context":"https:\/\/schema.org","@graph":[{"@type":"Article","@id":"https:\/\/www.drdroeseler.de\/stellenausschreibung\/zahna%cc%88rztin-oder-einen-zahnarzt-mit-schwerpunkt-prothetik\/#article","isPartOf":{"@id":"https:\/\/www.drdroeseler.de\/stellenausschreibung\/zahna%cc%88rztin-oder-einen-zahnarzt-mit-schwerpunkt-prothetik\/"},"author":{"name":"Praxis","@id":"https:\/\/www.drdroeseler.de\/#\/schema\/person\/6abc5b29773040ebb4520004cbadc857"},"headline":"Zahna\u0308rztin \/ Zahnarzt mit Schwerpunkt Prothetik","datePublished":"2024-02-21T09:20:53+00:00","dateModified":"2026-02-08T09:23:47+00:00","mainEntityOfPage":{"@id":"https:\/\/www.drdroeseler.de\/stellenausschreibung\/zahna%cc%88rztin-oder-einen-zahnarzt-mit-schwerpunkt-prothetik\/"},"wordCount":176,"publisher":{"@id":"https:\/\/www.drdroeseler.de\/#organization"},"image":{"@id":"https:\/\/www.drdroeseler.de\/stellenausschreibung\/zahna%cc%88rztin-oder-einen-zahnarzt-mit-schwerpunkt-prothetik\/#primaryimage"},"thumbnailUrl":"https:\/\/www.drdroeseler.de\/wp-content\/uploads\/2024\/02\/za-prothetik.webp","articleSection":["Stellenausschreibung"],"inLanguage":"en-GB"},{"@type":"WebPage","@id":"https:\/\/www.drdroeseler.de\/stellenausschreibung\/zahna%cc%88rztin-oder-einen-zahnarzt-mit-schwerpunkt-prothetik\/","url":"https:\/\/www.drdroeseler.de\/stellenausschreibung\/zahna%cc%88rztin-oder-einen-zahnarzt-mit-schwerpunkt-prothetik\/","name":"Zahna\u0308rztin \/ Zahnarzt mit Schwerpunkt Prothetik - Praxis Dr. Dr\u00f6seler","isPartOf":{"@id":"https:\/\/www.drdroeseler.de\/#website"},"primaryImageOfPage":{"@id":"https:\/\/www.drdroeseler.de\/stellenausschreibung\/zahna%cc%88rztin-oder-einen-zahnarzt-mit-schwerpunkt-prothetik\/#primaryimage"},"image":{"@id":"https:\/\/www.drdroeseler.de\/stellenausschreibung\/zahna%cc%88rztin-oder-einen-zahnarzt-mit-schwerpunkt-prothetik\/#primaryimage"},"thumbnailUrl":"https:\/\/www.drdroeseler.de\/wp-content\/uploads\/2024\/02\/za-prothetik.webp","datePublished":"2024-02-21T09:20:53+00:00","dateModified":"2026-02-08T09:23:47+00:00","breadcrumb":{"@id":"https:\/\/www.drdroeseler.de\/stellenausschreibung\/zahna%cc%88rztin-oder-einen-zahnarzt-mit-schwerpunkt-prothetik\/#breadcrumb"},"inLanguage":"en-GB","potentialAction":[{"@type":"ReadAction","target":["https:\/\/www.drdroeseler.de\/stellenausschreibung\/zahna%cc%88rztin-oder-einen-zahnarzt-mit-schwerpunkt-prothetik\/"]}]},{"@type":"ImageObject","inLanguage":"en-GB","@id":"https:\/\/www.drdroeseler.de\/stellenausschreibung\/zahna%cc%88rztin-oder-einen-zahnarzt-mit-schwerpunkt-prothetik\/#primaryimage","url":"https:\/\/www.drdroeseler.de\/wp-content\/uploads\/2024\/02\/za-prothetik.webp","contentUrl":"https:\/\/www.drdroeseler.de\/wp-content\/uploads\/2024\/02\/za-prothetik.webp","width":1200,"height":500,"caption":"Zahn\u00e4rztin\/Zahnarzt Schwerpunkt Prothektik\u200b"},{"@type":"BreadcrumbList","@id":"https:\/\/www.drdroeseler.de\/stellenausschreibung\/zahna%cc%88rztin-oder-einen-zahnarzt-mit-schwerpunkt-prothetik\/#breadcrumb","itemListElement":[{"@type":"ListItem","position":1,"name":"Startseite","item":"https:\/\/www.drdroeseler.de\/"},{"@type":"ListItem","position":2,"name":"Stellenausschreibung","item":"https:\/\/www.drdroeseler.de\/stellenausschreibung\/"},{"@type":"ListItem","position":3,"name":"Zahna\u0308rztin \/ Zahnarzt mit Schwerpunkt Prothetik"}]},{"@type":"WebSite","@id":"https:\/\/www.drdroeseler.de\/#website","url":"https:\/\/www.drdroeseler.de\/","name":"Practice Dr. Dr\u00f6seler","description":"Praxis f\u00fcr Oralchirurgie und Implantologie","publisher":{"@id":"https:\/\/www.drdroeseler.de\/#organization"},"potentialAction":[{"@type":"SearchAction","target":{"@type":"EntryPoint","urlTemplate":"https:\/\/www.drdroeseler.de\/?s={search_term_string}"},"query-input":{"@type":"PropertyValueSpecification","valueRequired":true,"valueName":"search_term_string"}}],"inLanguage":"en-GB"},{"@type":"Organization","@id":"https:\/\/www.drdroeseler.de\/#organization","name":"Practice Dr. Dr\u00f6seler","url":"https:\/\/www.drdroeseler.de\/","logo":{"@type":"ImageObject","inLanguage":"en-GB","@id":"https:\/\/www.drdroeseler.de\/#\/schema\/logo\/image\/","url":"https:\/\/www.drdroeseler.de\/wp-content\/uploads\/2024\/01\/dr-droeseler-logo.svg","contentUrl":"https:\/\/www.drdroeseler.de\/wp-content\/uploads\/2024\/01\/dr-droeseler-logo.svg","width":508,"height":169,"caption":"Praxis Dr. Dr\u00f6seler"},"image":{"@id":"https:\/\/www.drdroeseler.de\/#\/schema\/logo\/image\/"},"sameAs":["https:\/\/www.facebook.com\/praxisdrdroeseler","https:\/\/www.instagram.com\/droeseler_oralchirurgie_berlin","https:\/\/www.youtube.com\/channel\/UCtmQ3q5timwojE-dbbDdybw"]},{"@type":"Person","@id":"https:\/\/www.drdroeseler.de\/#\/schema\/person\/6abc5b29773040ebb4520004cbadc857","name":"Practice","image":{"@type":"ImageObject","inLanguage":"en-GB","@id":"https:\/\/secure.gravatar.com\/avatar\/01e58a62ca0958927a0b45af78837bbebd5fdd8ad424b7297a1c7039d83b5e80?s=96&d=blank&r=g","url":"https:\/\/secure.gravatar.com\/avatar\/01e58a62ca0958927a0b45af78837bbebd5fdd8ad424b7297a1c7039d83b5e80?s=96&d=blank&r=g","contentUrl":"https:\/\/secure.gravatar.com\/avatar\/01e58a62ca0958927a0b45af78837bbebd5fdd8ad424b7297a1c7039d83b5e80?s=96&d=blank&r=g","caption":"Praxis"},"url":"https:\/\/www.drdroeseler.de\/en\/author\/praxis\/"}]}},"_links":{"self":[{"href":"https:\/\/www.drdroeseler.de\/en\/wp-json\/wp\/v2\/posts\/805","targetHints":{"allow":["GET"]}}],"collection":[{"href":"https:\/\/www.drdroeseler.de\/en\/wp-json\/wp\/v2\/posts"}],"about":[{"href":"https:\/\/www.drdroeseler.de\/en\/wp-json\/wp\/v2\/types\/post"}],"author":[{"embeddable":true,"href":"https:\/\/www.drdroeseler.de\/en\/wp-json\/wp\/v2\/users\/2"}],"replies":[{"embeddable":true,"href":"https:\/\/www.drdroeseler.de\/en\/wp-json\/wp\/v2\/comments?post=805"}],"version-history":[{"count":17,"href":"https:\/\/www.drdroeseler.de\/en\/wp-json\/wp\/v2\/posts\/805\/revisions"}],"predecessor-version":[{"id":1900,"href":"https:\/\/www.drdroeseler.de\/en\/wp-json\/wp\/v2\/posts\/805\/revisions\/1900"}],"wp:featuredmedia":[{"embeddable":true,"href":"https:\/\/www.drdroeseler.de\/en\/wp-json\/wp\/v2\/media\/807"}],"wp:attachment":[{"href":"https:\/\/www.drdroeseler.de\/en\/wp-json\/wp\/v2\/media?parent=805"}],"wp:term":[{"taxonomy":"category","embeddable":true,"href":"https:\/\/www.drdroeseler.de\/en\/wp-json\/wp\/v2\/categories?post=805"},{"taxonomy":"post_tag","embeddable":true,"href":"https:\/\/www.drdroeseler.de\/en\/wp-json\/wp\/v2\/tags?post=805"}],"curies":[{"name":"wp","href":"https:\/\/api.w.org\/{rel}","templated":true}]}}